{"id":513,"date":"2022-10-03T08:32:03","date_gmt":"2022-10-03T06:32:03","guid":{"rendered":"http:\/\/www.avismontichiari.it\/?p=513"},"modified":"2022-10-03T08:32:03","modified_gmt":"2022-10-03T06:32:03","slug":"white-dinner","status":"publish","type":"post","link":"http:\/\/www.avismontichiari.it\/index.php\/white-dinner\/","title":{"rendered":"White dinner"},"content":{"rendered":"<p><a href=\"http:\/\/www.avismontichiari.it\/wp-content\/uploads\/2022\/10\/cena.jpg\"><img loading=\"lazy\" decoding=\"async\" class=\"aligncenter size-medium wp-image-514\" alt=\"cena\" src=\"http:\/\/www.avismontichiari.it\/wp-content\/uploads\/2022\/10\/cena-300x225.jpg\" width=\"300\" height=\"225\" srcset=\"http:\/\/www.avismontichiari.it\/wp-content\/uploads\/2022\/10\/cena-300x225.jpg 300w, http:\/\/www.avismontichiari.it\/wp-content\/uploads\/2022\/10\/cena-1024x768.jpg 1024w, http:\/\/www.avismontichiari.it\/wp-content\/uploads\/2022\/10\/cena.jpg 1173w\" sizes=\"(max-width: 300px) 100vw, 300px\" \/><\/a><\/p>\n<p>Per una serata il rosso Avis si \u00e8 tinto di bianco per l\u2019evento White Dinner, nel parco della Pieve. Il 3 settembre circa un centinaio i giovani che hanno partecipato alla piacevole serata, primo evento organizzato dalla nuova Presidente della Consulta Giovani del Comune di Montichiari, Ilaria Mancini. L\u2019iniziativa, supportata dall\u2019assessorato alle Politiche Giovanili Barbara Padovani, si \u00e8 svolto in collaborazione con la sezione AVIS di Montichiari. La serata \u00e8 piacevolmente trascorsa tra buon cibo (ognuno ha portato il proprio) e buona musica con Five Radio, in un contesto gi\u00e0 naturalmente splendido, candidamente allestito per l\u2019occasione con eleganza e raffinatezza. Trattandosi di giovani, l\u2019Avis \u00e8 stata presente volentieri con il suo stand: offrendo ottimi caff\u00e8, ha colto l\u2019occasione per proporre ai potenziali nuovi donatori informazioni utili a chiarire eventuali dubbi o timori e omaggiare con simpatici gadget i ragazzi presenti. Sottolineare ai giovani l\u2019importanza del dono, entrando con leggerezza e sintonia nel loro mondo, \u00e8 la strada che la nostra sezione\u00a0 Avis ha da sempre seguito, che riprender\u00e0 con entusiasmo e nuove idee, dopo questo periodo di pausa forzata.<\/p>\n<p>Ornella Olfi<\/p>\n","protected":false},"excerpt":{"rendered":"<p>Per una serata il rosso Avis si \u00e8 tinto di bianco per l\u2019evento White Dinner, nel parco della Pieve. Il 3 settembre circa un centinaio i giovani che hanno partecipato alla piacevole serata, primo evento organizzato dalla nuova Presidente della Consulta Giovani del Comune di Montichiari, Ilaria Mancini. L\u2019iniziativa, supportata dall\u2019assessorato alle Politiche Giovanili Barbara [&hellip;]<\/p>\n","protected":false},"author":1,"featured_media":0,"comment_status":"open","ping_status":"open","sticky":false,"template":"","format":"standard","meta":{"saved_in_kubio":false,"_joinchat":[],"footnotes":""},"categories":[2],"tags":[],"class_list":["post-513","post","type-post","status-publish","format-standard","hentry","category-notizie"],"_links":{"self":[{"href":"http:\/\/www.avismontichiari.it\/index.php\/wp-json\/wp\/v2\/posts\/513"}],"collection":[{"href":"http:\/\/www.avismontichiari.it\/index.php\/wp-json\/wp\/v2\/posts"}],"about":[{"href":"http:\/\/www.avismontichiari.it\/index.php\/wp-json\/wp\/v2\/types\/post"}],"author":[{"embeddable":true,"href":"http:\/\/www.avismontichiari.it\/index.php\/wp-json\/wp\/v2\/users\/1"}],"replies":[{"embeddable":true,"href":"http:\/\/www.avismontichiari.it\/index.php\/wp-json\/wp\/v2\/comments?post=513"}],"version-history":[{"count":1,"href":"http:\/\/www.avismontichiari.it\/index.php\/wp-json\/wp\/v2\/posts\/513\/revisions"}],"predecessor-version":[{"id":515,"href":"http:\/\/www.avismontichiari.it\/index.php\/wp-json\/wp\/v2\/posts\/513\/revisions\/515"}],"wp:attachment":[{"href":"http:\/\/www.avismontichiari.it\/index.php\/wp-json\/wp\/v2\/media?parent=513"}],"wp:term":[{"taxonomy":"category","embeddable":true,"href":"http:\/\/www.avismontichiari.it\/index.php\/wp-json\/wp\/v2\/categories?post=513"},{"taxonomy":"post_tag","embeddable":true,"href":"http:\/\/www.avismontichiari.it\/index.php\/wp-json\/wp\/v2\/tags?post=513"}],"curies":[{"name":"wp","href":"https:\/\/api.w.org\/{rel}","templated":true}]}}