{"id":448,"date":"2021-10-04T16:19:14","date_gmt":"2021-10-04T14:19:14","guid":{"rendered":"http:\/\/www.avismontichiari.it\/?p=448"},"modified":"2021-10-04T16:19:14","modified_gmt":"2021-10-04T14:19:14","slug":"resoconto-le-associazioni-si-raccontano","status":"publish","type":"post","link":"http:\/\/www.avismontichiari.it\/index.php\/resoconto-le-associazioni-si-raccontano\/","title":{"rendered":"Resoconto \u201cLe associazioni si raccontano\u201d"},"content":{"rendered":"<p><a href=\"http:\/\/www.avismontichiari.it\/wp-content\/uploads\/2021\/10\/associazioni-2.jpg\"><img loading=\"lazy\" decoding=\"async\" class=\"aligncenter size-medium wp-image-449\" alt=\"associazioni 2\" src=\"http:\/\/www.avismontichiari.it\/wp-content\/uploads\/2021\/10\/associazioni-2-300x141.jpg\" width=\"300\" height=\"141\" srcset=\"http:\/\/www.avismontichiari.it\/wp-content\/uploads\/2021\/10\/associazioni-2-300x141.jpg 300w, http:\/\/www.avismontichiari.it\/wp-content\/uploads\/2021\/10\/associazioni-2-1024x484.jpg 1024w, http:\/\/www.avismontichiari.it\/wp-content\/uploads\/2021\/10\/associazioni-2.jpg 1600w\" sizes=\"(max-width: 300px) 100vw, 300px\" \/><\/a><\/p>\n<p>La 5\u00b0 edizione della manifestazione \u201cLe associazioni si raccontano\u201d, ideata da \u201cNoi con Brescia\u201d, \u00a0\u00e8 stata ospitata in Piazza S. Maria e in Piazza Treccani a Montichiari, in una fresca domenica di inizio ottobre. Un centinaio le Associazioni che hanno aderito, riempiendo di voci, colori, esibizioni di ballo, sportive, musica, invitanti sapori con lo street food, le due piazze cittadine, all\u2019insegna della solidariet\u00e0 e dei buoni sentimenti. Presenti AVIS e Aido, con depliant illustrativi, simpatici gadget e volontari a cui rivolgersi per ogni informazione o delucidazione. Associazioni che spaziano in molti settori, accomunate dal desiderio di fare del bene agli altri e, affermazione condivisa da tutti i volontari, di conseguenza farne a se stessi, donando un po\u2019 del proprio tempo, delle proprie competenze e soprattutto del proprio cuore, a chi ne ha bisogno. Molte le situazioni in cui le associazioni supportano moralmente e concretamente laddove lo Stato non riesce ad aiutare il singolo cittadino. Manifestazioni come questa sono una piacevole ed emozionante occasione di stare in mezzo alla gente, momenti in cui si scoprono situazioni commoventi, alcune purtroppo con esito tragico, altre per fortuna con esiti positivi. Ogni storia fa riflettere sull\u2019importanza di gesti semplici, come donare sangue, che possono salvare molte vite, sia in casi urgenti che in cure per malati cronici. Parlando con chi si \u00e8 avvicinato allo stand, si \u00e8 percepito il cuore generoso di tante persone che, con le giuste informazioni dettagliate, se ne vanno pi\u00f9 consapevoli di quanto bene si pu\u00f2 fare con poco impegno. In particolare mi hanno spiazzato e commosso tantissimo due mamme che si sono avvicinate per chiedere informazioni: con una dignit\u00e0 disarmante hanno raccontato di aver perso entrambe una figlia in un incidente stradale; una delle due ragazze era riuscita a fare 2 donazioni e loro vorrebbero ora entrare in Avis. Grazie a loro per la forza e l\u2019amore che le aiuta a sopravvivere a morti innaturali. Storie di dolore che possono trasformarsi in amore per gli altri. Un grazie innanzitutto al Presidente dell\u2019associazione Noi per Brescia, Gianluigi Lussana, al Comune di Montichiari e a tutti i volontari delle associazioni che hanno partecipato e animato la giornata.<\/p>\n<p>Ornella Olfi<\/p>\n<p style=\"text-align: center;\"><a href=\"http:\/\/www.avismontichiari.it\/wp-content\/uploads\/2021\/09\/ass-in-piazza-3-ottobre.jpg\"><img loading=\"lazy\" decoding=\"async\" alt=\"ass in piazza 3 ottobre\" src=\"http:\/\/www.avismontichiari.it\/wp-content\/uploads\/2021\/09\/ass-in-piazza-3-ottobre-201x300.jpg\" width=\"201\" height=\"300\" \/><\/a><\/p>\n","protected":false},"excerpt":{"rendered":"<p>La 5\u00b0 edizione della manifestazione \u201cLe associazioni si raccontano\u201d, ideata da \u201cNoi con Brescia\u201d, \u00a0\u00e8 stata ospitata in Piazza S. Maria e in Piazza Treccani a Montichiari, in una fresca domenica di inizio ottobre. Un centinaio le Associazioni che hanno aderito, riempiendo di voci, colori, esibizioni di ballo, sportive, musica, invitanti sapori con lo street [&hellip;]<\/p>\n","protected":false},"author":1,"featured_media":0,"comment_status":"open","ping_status":"open","sticky":false,"template":"","format":"standard","meta":{"saved_in_kubio":false,"_joinchat":[],"footnotes":""},"categories":[3,2],"tags":[],"class_list":["post-448","post","type-post","status-publish","format-standard","hentry","category-iniziative","category-notizie"],"_links":{"self":[{"href":"http:\/\/www.avismontichiari.it\/index.php\/wp-json\/wp\/v2\/posts\/448"}],"collection":[{"href":"http:\/\/www.avismontichiari.it\/index.php\/wp-json\/wp\/v2\/posts"}],"about":[{"href":"http:\/\/www.avismontichiari.it\/index.php\/wp-json\/wp\/v2\/types\/post"}],"author":[{"embeddable":true,"href":"http:\/\/www.avismontichiari.it\/index.php\/wp-json\/wp\/v2\/users\/1"}],"replies":[{"embeddable":true,"href":"http:\/\/www.avismontichiari.it\/index.php\/wp-json\/wp\/v2\/comments?post=448"}],"version-history":[{"count":1,"href":"http:\/\/www.avismontichiari.it\/index.php\/wp-json\/wp\/v2\/posts\/448\/revisions"}],"predecessor-version":[{"id":450,"href":"http:\/\/www.avismontichiari.it\/index.php\/wp-json\/wp\/v2\/posts\/448\/revisions\/450"}],"wp:attachment":[{"href":"http:\/\/www.avismontichiari.it\/index.php\/wp-json\/wp\/v2\/media?parent=448"}],"wp:term":[{"taxonomy":"category","embeddable":true,"href":"http:\/\/www.avismontichiari.it\/index.php\/wp-json\/wp\/v2\/categories?post=448"},{"taxonomy":"post_tag","embeddable":true,"href":"http:\/\/www.avismontichiari.it\/index.php\/wp-json\/wp\/v2\/tags?post=448"}],"curies":[{"name":"wp","href":"https:\/\/api.w.org\/{rel}","templated":true}]}}