{"id":429,"date":"2021-06-14T08:21:49","date_gmt":"2021-06-14T06:21:49","guid":{"rendered":"http:\/\/www.avismontichiari.it\/?p=429"},"modified":"2021-06-14T08:21:49","modified_gmt":"2021-06-14T06:21:49","slug":"vaccino-e-donazione-avis","status":"publish","type":"post","link":"http:\/\/www.avismontichiari.it\/index.php\/vaccino-e-donazione-avis\/","title":{"rendered":"Vaccino e donazione Avis"},"content":{"rendered":"<p><a href=\"http:\/\/www.avismontichiari.it\/wp-content\/uploads\/2021\/06\/vaccino-e-donazione-avis.png\"><img loading=\"lazy\" decoding=\"async\" class=\"aligncenter size-medium wp-image-430\" alt=\"vaccino e donazione avis\" src=\"http:\/\/www.avismontichiari.it\/wp-content\/uploads\/2021\/06\/vaccino-e-donazione-avis-300x251.png\" width=\"300\" height=\"251\" srcset=\"http:\/\/www.avismontichiari.it\/wp-content\/uploads\/2021\/06\/vaccino-e-donazione-avis-300x251.png 300w, http:\/\/www.avismontichiari.it\/wp-content\/uploads\/2021\/06\/vaccino-e-donazione-avis.png 940w\" sizes=\"(max-width: 300px) 100vw, 300px\" \/><\/a><\/p>\n<p>Molte le domande frequenti che gli avisini si pongono, riferite al covid. \u00c8 sicuro andare a fare la donazione? Da quando la sede di Montichiari \u00e8 chiusa, gli avisini, previo appuntamento, si recano nella sede di Brescia- san Zeno. All\u2019arrivo sono stati aggiunti: misurazione della temperatura, autodichiarazione scritta di non avere sintomi riconducibili al covid, n\u00e9 essere stati a contatto con malati o di avere un esito negativo di tampone;nel caso il donatore non indossi una mascherina idonea, gliene viene data una chirurgica in sostituzione; il percorso prima e dopo donazione \u00e8 poi ben suddiviso e ben organizzato, con ampi spazi, che permettono le giuste distanze, cos\u00ec nella sala donazioni e alla fine nel bar per la colazione. Le norme sanitarie del personale sono da sempre molto rigide e rispettate con responsabilit\u00e0.<\/p>\n<p>Altra domanda frequente: dopo il vaccino quando si pu\u00f2 donare? Come si legge nel riquadro sopra, gi\u00e0 dopo 48 ore, in assenza di sintomi, si pu\u00f2 donare; in caso di qualche sintomo si consiglia di aspettare almeno una settimana. Per qualsiasi dubbio, comunque, basta telefonare al 3662433660 in orari d\u2019ufficio, dove personale preparato vi dar\u00e0 ogni informazione utile.<\/p>\n<p>Ornella Olfi<\/p>\n","protected":false},"excerpt":{"rendered":"<p>Molte le domande frequenti che gli avisini si pongono, riferite al covid. \u00c8 sicuro andare a fare la donazione? Da quando la sede di Montichiari \u00e8 chiusa, gli avisini, previo appuntamento, si recano nella sede di Brescia- san Zeno. All\u2019arrivo sono stati aggiunti: misurazione della temperatura, autodichiarazione scritta di non avere sintomi riconducibili al covid, [&hellip;]<\/p>\n","protected":false},"author":1,"featured_media":0,"comment_status":"open","ping_status":"open","sticky":false,"template":"","format":"standard","meta":{"saved_in_kubio":false,"_joinchat":[],"footnotes":""},"categories":[2],"tags":[],"class_list":["post-429","post","type-post","status-publish","format-standard","hentry","category-notizie"],"_links":{"self":[{"href":"http:\/\/www.avismontichiari.it\/index.php\/wp-json\/wp\/v2\/posts\/429"}],"collection":[{"href":"http:\/\/www.avismontichiari.it\/index.php\/wp-json\/wp\/v2\/posts"}],"about":[{"href":"http:\/\/www.avismontichiari.it\/index.php\/wp-json\/wp\/v2\/types\/post"}],"author":[{"embeddable":true,"href":"http:\/\/www.avismontichiari.it\/index.php\/wp-json\/wp\/v2\/users\/1"}],"replies":[{"embeddable":true,"href":"http:\/\/www.avismontichiari.it\/index.php\/wp-json\/wp\/v2\/comments?post=429"}],"version-history":[{"count":1,"href":"http:\/\/www.avismontichiari.it\/index.php\/wp-json\/wp\/v2\/posts\/429\/revisions"}],"predecessor-version":[{"id":431,"href":"http:\/\/www.avismontichiari.it\/index.php\/wp-json\/wp\/v2\/posts\/429\/revisions\/431"}],"wp:attachment":[{"href":"http:\/\/www.avismontichiari.it\/index.php\/wp-json\/wp\/v2\/media?parent=429"}],"wp:term":[{"taxonomy":"category","embeddable":true,"href":"http:\/\/www.avismontichiari.it\/index.php\/wp-json\/wp\/v2\/categories?post=429"},{"taxonomy":"post_tag","embeddable":true,"href":"http:\/\/www.avismontichiari.it\/index.php\/wp-json\/wp\/v2\/tags?post=429"}],"curies":[{"name":"wp","href":"https:\/\/api.w.org\/{rel}","templated":true}]}}